[{"@context":"https:\/\/schema.org\/","@type":"Blog","@id":"https:\/\/www.arnos.cz#Blog","headline":"Arnos","description":"\nPot\u0159ebovali byste ur\u010ditou pomoc a podporu? Pokud v\u00e1m vyhovuje jej\u00ed internetov\u00e1 podoba, pak byste se nem\u011bli ost\u00fdchat vyu\u017e\u00edt pomoc na\u0161eho webu.","url":"https:\/\/www.arnos.cz","hasPart":[{"@type":"Article","@id":"https:\/\/www.arnos.cz\/vymahani-pohledavek\/","headline":"Vym\u00e1h\u00e1n\u00ed pohled\u00e1vek","url":"https:\/\/www.arnos.cz\/vymahani-pohledavek\/","datePublished":"2025-04-26","dateModified":"2025-04-26","mainEntityOfPage":"https:\/\/www.arnos.cz\/vymahani-pohledavek\/","author":{"@type":"Person","@id":"https:\/\/www.arnos.cz\/author\/#Person","name":"","url":"https:\/\/www.arnos.cz\/author\/","identifier":1,"image":{"@type":"ImageObject","@id":"https:\/\/secure.gravatar.com\/avatar\/4eaadff62661a2c38386085c87f88f683e575f9fda122ff8560bf1208996f3c5?s=96&d=mm&r=g","url":"https:\/\/secure.gravatar.com\/avatar\/4eaadff62661a2c38386085c87f88f683e575f9fda122ff8560bf1208996f3c5?s=96&d=mm&r=g","height":96,"width":96}},"publisher":{"@type":"Organization","name":"arnos.cz","logo":{"@type":"ImageObject","@id":"\/logo.png","url":"\/logo.png","width":600,"height":60}},"image":null,"wordCount":228,"keywords":null},{"@type":"Article","@id":"https:\/\/www.arnos.cz\/snowkiting\/","headline":"Snowkiting","url":"https:\/\/www.arnos.cz\/snowkiting\/","datePublished":"2025-04-20","dateModified":"2025-04-20","mainEntityOfPage":"https:\/\/www.arnos.cz\/snowkiting\/","author":{"@type":"Person","@id":"https:\/\/www.arnos.cz\/author\/#Person","name":"","url":"https:\/\/www.arnos.cz\/author\/","identifier":1,"image":{"@type":"ImageObject","@id":"https:\/\/secure.gravatar.com\/avatar\/4eaadff62661a2c38386085c87f88f683e575f9fda122ff8560bf1208996f3c5?s=96&d=mm&r=g","url":"https:\/\/secure.gravatar.com\/avatar\/4eaadff62661a2c38386085c87f88f683e575f9fda122ff8560bf1208996f3c5?s=96&d=mm&r=g","height":96,"width":96}},"publisher":{"@type":"Organization","name":"arnos.cz","logo":{"@type":"ImageObject","@id":"\/logo.png","url":"\/logo.png","width":600,"height":60}},"image":null,"wordCount":204,"keywords":null},{"@type":"Article","@id":"https:\/\/www.arnos.cz\/nas-hotel-vam-bude-vyhovovat\/","headline":"N\u00e1\u0161 hotel v\u00e1m bude vyhovovat","url":"https:\/\/www.arnos.cz\/nas-hotel-vam-bude-vyhovovat\/","datePublished":"2025-04-13","dateModified":"2025-04-13","mainEntityOfPage":"https:\/\/www.arnos.cz\/nas-hotel-vam-bude-vyhovovat\/","author":{"@type":"Person","@id":"https:\/\/www.arnos.cz\/author\/#Person","name":"","url":"https:\/\/www.arnos.cz\/author\/","identifier":1,"image":{"@type":"ImageObject","@id":"https:\/\/secure.gravatar.com\/avatar\/4eaadff62661a2c38386085c87f88f683e575f9fda122ff8560bf1208996f3c5?s=96&d=mm&r=g","url":"https:\/\/secure.gravatar.com\/avatar\/4eaadff62661a2c38386085c87f88f683e575f9fda122ff8560bf1208996f3c5?s=96&d=mm&r=g","height":96,"width":96}},"publisher":{"@type":"Organization","name":"arnos.cz","logo":{"@type":"ImageObject","@id":"\/logo.png","url":"\/logo.png","width":600,"height":60}},"image":null,"wordCount":245,"keywords":null},{"@type":"Article","@id":"https:\/\/www.arnos.cz\/tie-najkuzelnejsi-relaxacne-pobyty-navyse-za-skvele-ceny-su-tu-aj-pre-vas\/","headline":"Tie najk\u00fazelnej\u0161\u00ed relaxa\u010dn\u00e9 pobyty navy\u0161e za skvel\u00e9 ceny s\u00fa tu aj pre v\u00e1s!","url":"https:\/\/www.arnos.cz\/tie-najkuzelnejsi-relaxacne-pobyty-navyse-za-skvele-ceny-su-tu-aj-pre-vas\/","datePublished":"2025-04-09","dateModified":"2025-04-09","mainEntityOfPage":"https:\/\/www.arnos.cz\/tie-najkuzelnejsi-relaxacne-pobyty-navyse-za-skvele-ceny-su-tu-aj-pre-vas\/","author":{"@type":"Person","@id":"https:\/\/www.arnos.cz\/author\/#Person","name":"","url":"https:\/\/www.arnos.cz\/author\/","identifier":1,"image":{"@type":"ImageObject","@id":"https:\/\/secure.gravatar.com\/avatar\/4eaadff62661a2c38386085c87f88f683e575f9fda122ff8560bf1208996f3c5?s=96&d=mm&r=g","url":"https:\/\/secure.gravatar.com\/avatar\/4eaadff62661a2c38386085c87f88f683e575f9fda122ff8560bf1208996f3c5?s=96&d=mm&r=g","height":96,"width":96}},"publisher":{"@type":"Organization","name":"arnos.cz","logo":{"@type":"ImageObject","@id":"\/logo.png","url":"\/logo.png","width":600,"height":60}},"image":null,"wordCount":256,"keywords":null},{"@type":"Article","@id":"https:\/\/www.arnos.cz\/uz-nemusite-trpet\/","headline":"U\u017e nemus\u00edte trp\u011bt","url":"https:\/\/www.arnos.cz\/uz-nemusite-trpet\/","datePublished":"2025-03-30","dateModified":"2025-03-30","mainEntityOfPage":"https:\/\/www.arnos.cz\/uz-nemusite-trpet\/","author":{"@type":"Person","@id":"https:\/\/www.arnos.cz\/author\/#Person","name":"","url":"https:\/\/www.arnos.cz\/author\/","identifier":1,"image":{"@type":"ImageObject","@id":"https:\/\/secure.gravatar.com\/avatar\/4eaadff62661a2c38386085c87f88f683e575f9fda122ff8560bf1208996f3c5?s=96&d=mm&r=g","url":"https:\/\/secure.gravatar.com\/avatar\/4eaadff62661a2c38386085c87f88f683e575f9fda122ff8560bf1208996f3c5?s=96&d=mm&r=g","height":96,"width":96}},"publisher":{"@type":"Organization","name":"arnos.cz","logo":{"@type":"ImageObject","@id":"\/logo.png","url":"\/logo.png","width":600,"height":60}},"image":null,"wordCount":244,"keywords":null},{"@type":"Article","@id":"https:\/\/www.arnos.cz\/rada-se-oblekate-moderne\/","headline":"R\u00e1da se obl\u00e9k\u00e1te modern\u011b?","url":"https:\/\/www.arnos.cz\/rada-se-oblekate-moderne\/","datePublished":"2025-03-23","dateModified":"2025-03-23","mainEntityOfPage":"https:\/\/www.arnos.cz\/rada-se-oblekate-moderne\/","author":{"@type":"Person","@id":"https:\/\/www.arnos.cz\/author\/#Person","name":"","url":"https:\/\/www.arnos.cz\/author\/","identifier":1,"image":{"@type":"ImageObject","@id":"https:\/\/secure.gravatar.com\/avatar\/4eaadff62661a2c38386085c87f88f683e575f9fda122ff8560bf1208996f3c5?s=96&d=mm&r=g","url":"https:\/\/secure.gravatar.com\/avatar\/4eaadff62661a2c38386085c87f88f683e575f9fda122ff8560bf1208996f3c5?s=96&d=mm&r=g","height":96,"width":96}},"publisher":{"@type":"Organization","name":"arnos.cz","logo":{"@type":"ImageObject","@id":"\/logo.png","url":"\/logo.png","width":600,"height":60}},"image":null,"wordCount":218,"keywords":null},{"@type":"Article","@id":"https:\/\/www.arnos.cz\/s-ubytovanim-u-nas-budete-spokojeni\/","headline":"S ubytov\u00e1n\u00edm u n\u00e1s budete spokojeni","url":"https:\/\/www.arnos.cz\/s-ubytovanim-u-nas-budete-spokojeni\/","datePublished":"2025-03-13","dateModified":"2025-03-13","mainEntityOfPage":"https:\/\/www.arnos.cz\/s-ubytovanim-u-nas-budete-spokojeni\/","author":{"@type":"Person","@id":"https:\/\/www.arnos.cz\/author\/#Person","name":"","url":"https:\/\/www.arnos.cz\/author\/","identifier":1,"image":{"@type":"ImageObject","@id":"https:\/\/secure.gravatar.com\/avatar\/4eaadff62661a2c38386085c87f88f683e575f9fda122ff8560bf1208996f3c5?s=96&d=mm&r=g","url":"https:\/\/secure.gravatar.com\/avatar\/4eaadff62661a2c38386085c87f88f683e575f9fda122ff8560bf1208996f3c5?s=96&d=mm&r=g","height":96,"width":96}},"publisher":{"@type":"Organization","name":"arnos.cz","logo":{"@type":"ImageObject","@id":"\/logo.png","url":"\/logo.png","width":600,"height":60}},"image":null,"wordCount":259,"keywords":null},{"@type":"Article","@id":"https:\/\/www.arnos.cz\/sumava-jako-darek-pro-vas\/","headline":"\u0160umava jako d\u00e1rek pro v\u00e1s","url":"https:\/\/www.arnos.cz\/sumava-jako-darek-pro-vas\/","datePublished":"2025-03-04","dateModified":"2025-03-04","mainEntityOfPage":"https:\/\/www.arnos.cz\/sumava-jako-darek-pro-vas\/","author":{"@type":"Person","@id":"https:\/\/www.arnos.cz\/author\/#Person","name":"","url":"https:\/\/www.arnos.cz\/author\/","identifier":1,"image":{"@type":"ImageObject","@id":"https:\/\/secure.gravatar.com\/avatar\/4eaadff62661a2c38386085c87f88f683e575f9fda122ff8560bf1208996f3c5?s=96&d=mm&r=g","url":"https:\/\/secure.gravatar.com\/avatar\/4eaadff62661a2c38386085c87f88f683e575f9fda122ff8560bf1208996f3c5?s=96&d=mm&r=g","height":96,"width":96}},"publisher":{"@type":"Organization","name":"arnos.cz","logo":{"@type":"ImageObject","@id":"\/logo.png","url":"\/logo.png","width":600,"height":60}},"image":null,"wordCount":227,"keywords":null},{"@type":"Article","@id":"https:\/\/www.arnos.cz\/dvirka-ktera-se-jen-tak-neznici\/","headline":"Dv\u00ed\u0159ka, kter\u00e1 se jen tak nezni\u010d\u00ed","url":"https:\/\/www.arnos.cz\/dvirka-ktera-se-jen-tak-neznici\/","datePublished":"2025-02-27","dateModified":"2025-02-27","mainEntityOfPage":"https:\/\/www.arnos.cz\/dvirka-ktera-se-jen-tak-neznici\/","author":{"@type":"Person","@id":"https:\/\/www.arnos.cz\/author\/#Person","name":"","url":"https:\/\/www.arnos.cz\/author\/","identifier":1,"image":{"@type":"ImageObject","@id":"https:\/\/secure.gravatar.com\/avatar\/4eaadff62661a2c38386085c87f88f683e575f9fda122ff8560bf1208996f3c5?s=96&d=mm&r=g","url":"https:\/\/secure.gravatar.com\/avatar\/4eaadff62661a2c38386085c87f88f683e575f9fda122ff8560bf1208996f3c5?s=96&d=mm&r=g","height":96,"width":96}},"publisher":{"@type":"Organization","name":"arnos.cz","logo":{"@type":"ImageObject","@id":"\/logo.png","url":"\/logo.png","width":600,"height":60}},"image":null,"wordCount":249,"keywords":null},{"@type":"Article","@id":"https:\/\/www.arnos.cz\/pripravte-se-na-krasnou-dovolenou\/","headline":"P\u0159ipravte se na kr\u00e1snou dovolenou","url":"https:\/\/www.arnos.cz\/pripravte-se-na-krasnou-dovolenou\/","datePublished":"2025-02-21","dateModified":"2025-02-21","mainEntityOfPage":"https:\/\/www.arnos.cz\/pripravte-se-na-krasnou-dovolenou\/","author":{"@type":"Person","@id":"https:\/\/www.arnos.cz\/author\/#Person","name":"","url":"https:\/\/www.arnos.cz\/author\/","identifier":1,"image":{"@type":"ImageObject","@id":"https:\/\/secure.gravatar.com\/avatar\/4eaadff62661a2c38386085c87f88f683e575f9fda122ff8560bf1208996f3c5?s=96&d=mm&r=g","url":"https:\/\/secure.gravatar.com\/avatar\/4eaadff62661a2c38386085c87f88f683e575f9fda122ff8560bf1208996f3c5?s=96&d=mm&r=g","height":96,"width":96}},"publisher":{"@type":"Organization","name":"arnos.cz","logo":{"@type":"ImageObject","@id":"\/logo.png","url":"\/logo.png","width":600,"height":60}},"image":null,"wordCount":228,"keywords":null}]},{"@context":"https:\/\/schema.org","@type":"WebSite","@id":"https:\/\/www.arnos.cz\/#website","name":"Arnos","url":"https:\/\/www.arnos.cz","potentialAction":{"@type":"SearchAction","target":"https:\/\/www.arnos.cz\/?s={search_term_string}","query-input":"required name=search_term_string"}}]