[{"@context":"https:\/\/schema.org\/","@type":"Article","@id":"https:\/\/www.arnos.cz\/bezpeci-na-schodech\/#Article","mainEntityOfPage":"https:\/\/www.arnos.cz\/bezpeci-na-schodech\/","headline":"Bezpe\u010d\u00ed na schodech","name":"Bezpe\u010d\u00ed na schodech","description":"Podle m\u00e9ho n\u00e1zoru, kdy\u017e u\u017e bydl\u00edte, tak si mysl\u00edm, \u017ee byste tak\u00e9 cht\u011bli, aby va\u0161e bydlen\u00ed bylo hlavn\u011b bezpe\u010dn\u00e9. A pokud m\u00e1te mal\u00e9 d\u011bti, tak bych o tomhle uva\u017eovala snad dvojn\u00e1sob, proto\u017ee nen\u00ed opravdu nic hrozn\u00e9ho, ne\u017e kdy\u017e bydl\u00edte tam, kde je to velmi nebezpe\u010dn\u00e9. Zn\u00e1m dv\u011b rodiny, kter\u00e9 to maj\u00ed tak, \u017ee maj\u00ed opravdu [&hellip;]","datePublished":"2023-12-29","dateModified":"2024-01-31","author":{"@type":"Person","@id":"https:\/\/www.arnos.cz\/author\/#Person","name":"","url":"https:\/\/www.arnos.cz\/author\/","identifier":1,"image":{"@type":"ImageObject","@id":"https:\/\/secure.gravatar.com\/avatar\/4eaadff62661a2c38386085c87f88f683e575f9fda122ff8560bf1208996f3c5?s=96&d=mm&r=g","url":"https:\/\/secure.gravatar.com\/avatar\/4eaadff62661a2c38386085c87f88f683e575f9fda122ff8560bf1208996f3c5?s=96&d=mm&r=g","height":96,"width":96}},"publisher":{"@type":"Organization","name":"arnos.cz","logo":{"@type":"ImageObject","@id":"\/logo.png","url":"\/logo.png","width":600,"height":60}},"image":{"@type":"ImageObject","@id":"https:\/\/www.arnos.cz\/wp-content\/uploads\/spiral-staircase-3401730_1280.jpg","url":"https:\/\/www.arnos.cz\/wp-content\/uploads\/spiral-staircase-3401730_1280.jpg","height":0,"width":0},"url":"https:\/\/www.arnos.cz\/bezpeci-na-schodech\/","about":["N\u00e1kupy"],"wordCount":441,"articleBody":"   Podle m\u00e9ho n\u00e1zoru, kdy\u017e u\u017e bydl\u00edte, tak si mysl\u00edm, \u017ee byste tak\u00e9 cht\u011bli, aby va\u0161e bydlen\u00ed bylo hlavn\u011b bezpe\u010dn\u00e9. A pokud m\u00e1te mal\u00e9 d\u011bti, tak bych o tomhle uva\u017eovala snad dvojn\u00e1sob, proto\u017ee nen\u00ed opravdu nic hrozn\u00e9ho, ne\u017e kdy\u017e bydl\u00edte tam, kde je to velmi nebezpe\u010dn\u00e9. Zn\u00e1m dv\u011b rodiny, kter\u00e9 to maj\u00ed tak, \u017ee maj\u00ed opravdu podle m\u00e9ho n\u00e1zoru nebezpe\u010dn\u00e9 bydlen\u00ed. Oni tam maj\u00ed schodi\u0161t\u011b. Na tom by nebylo v\u016fbec nic divn\u00e9ho, proto\u017ee my doma m\u00e1me tak\u00e9 schodi\u0161t\u011b a je ur\u010dit\u011b mnoho rodin, kter\u00e9 tak\u00e9 maj\u00ed doma schodi\u0161t\u011b, jenom\u017ee ta rodina a ta druh\u00e1 rodina tam nemaj\u00ed v\u016fbec \u017e\u00e1dn\u00e9 z\u00e1bradl\u00ed. Z\u00e1bradl\u00ed na schodi\u0161t\u011b https:\/\/www.kmkdesign.cz\/zabradli je podle m\u00e9ho n\u00e1zoru opravdu hodn\u011b d\u016fle\u017eit\u00e9, a to hlavn\u011b pokud m\u00e1te mal\u00e9 d\u011bti anebo hodn\u011b star\u00e9 lidi. J\u00e1 si mysl\u00edm, \u017ee z\u00e1bradl\u00ed na schodi\u0161t\u011b se hod\u00ed \u00fapln\u011b do ka\u017ed\u00e9 rodiny, i kdy\u017e tam jsou mlad\u00ed lid\u00e9, kte\u0159\u00ed jsou sportovci. Nikdy nev\u00edte, kdy t\u0159eba p\u016fjdete do schod\u016f anebo ze schod\u016f a omdl\u00edte anebo zakopnete. T\u0159eba zavad\u00edte nohou o nohu anebo o pono\u017eku a u\u017e m\u016f\u017ee b\u00fdt ne\u0161t\u011bst\u00ed na sv\u011bt\u011b. Mnoho lid\u00ed mi \u0159\u00edk\u00e1, \u017ee t\u0159eba nap\u0159\u00edklad z\u00e1bradl\u00ed na schodi\u0161t\u011b je zbyte\u010dn\u00e9, \u017ee je to drah\u00e9. Tohle je \u00fapln\u00e1 hloupost. Nen\u00ed to v\u016fbec drah\u00e9. Sta\u010d\u00ed, kdy\u017e si t\u0159eba vyberete \u00fapln\u011b to nejlevn\u011bj\u0161\u00ed schodi\u0161t\u011b. Proto\u017ee tak\u00e9 m\u016f\u017eete si potom sehnat nejlevn\u011bj\u0161\u00ed z\u00e1bradl\u00ed na schodi\u0161t\u011b. Jsou r\u016fzn\u00e9 obchody anebo r\u016fzn\u00e9 webov\u00e9 str\u00e1nky, kde pr\u00e1v\u011b nakoup\u00edte opravdu kr\u00e1sn\u00e9 a kvalitn\u00ed z\u00e1bradl\u00ed na schodi\u0161t\u011b. Tam si tak\u00e9 m\u016f\u017eete vyhledat opravdu v t\u011bch nejlevn\u011bj\u0161\u00edch relac\u00edch. J\u00e1 bych r\u00e1da doporu\u010dila, abyste ud\u011blali takovou zlatou st\u0159edn\u00ed cestu, co t\u0159eba n\u011bjak\u00e9 pevn\u00e9 plastov\u00e9 z\u00e1bradl\u00ed na schodi\u0161t\u011b? Ano, sice m\u016f\u017ee prasknout a tak\u00e9 ze\u017eloutnout, kdy\u017e to bude b\u00edl\u00e1 barva, ale podle m\u00e9ho n\u00e1zoru je v\u017edycky lep\u0161\u00ed, kdy\u017e m\u00e1te n\u011bco ne\u017e nic. Proto\u017ee i plastov\u00e9 z\u00e1bradl\u00ed na schodi\u0161t\u011b v\u00e1s dok\u00e1\u017ee skv\u011ble ochr\u00e1nit p\u0159ed p\u00e1dem. My m\u00e1me s partnerem mal\u00e9 d\u011bti a rozhodn\u011b si nedok\u00e1\u017ei p\u0159edstavit, kdybychom t\u0159eba m\u011bli schodi\u0161t\u011b a u toho bychom nem\u011bli v\u016fbec \u017e\u00e1dn\u00e9 z\u00e1bradl\u00ed.                                                                                                                                                                                                                                                                                                                                                                                           4.1\/5 - (8 votes)        "},{"@context":"https:\/\/schema.org\/","@type":"BreadcrumbList","itemListElement":[{"@type":"ListItem","position":1,"name":"Bezpe\u010d\u00ed na schodech","item":"https:\/\/www.arnos.cz\/bezpeci-na-schodech\/#breadcrumbitem"}]}]