[{"@context":"https:\/\/schema.org\/","@type":"Article","@id":"https:\/\/www.arnos.cz\/jak-si-spravne-vybrat-mezi-terasou-a-balkonem\/#Article","mainEntityOfPage":"https:\/\/www.arnos.cz\/jak-si-spravne-vybrat-mezi-terasou-a-balkonem\/","headline":"Jak si spr\u00e1vn\u011b vybrat mezi terasou a balkonem","name":"Jak si spr\u00e1vn\u011b vybrat mezi terasou a balkonem","description":"Moment\u00e1ln\u011b n\u00e1m sice zima moc p\u011bkn\u00e9ho po\u010das\u00ed nep\u0159eje a zimn\u00ed chv\u00edle venku lze tr\u00e1vit tak mo\u017en\u00e1 v tepl\u00e9m termopr\u00e1dle a zabaleni v h\u0159ejiv\u00e9 dece. To ale zdaleka neznamen\u00e1 to, \u017ee nep\u0159ijde l\u00e9to se sv\u00fdmi hork\u00fdmi dny a tepl\u00fdmi ve\u010dery pln\u00fdmi romantick\u00fdch z\u00e1pad\u016f slunce a bzu\u010den\u00ed drobn\u00fdch brou\u010dk\u016f poletuj\u00edc\u00edch v\u0161ude kolem. A pr\u00e1v\u011b takov\u00e9 dny je [&hellip;]","datePublished":"2023-12-17","dateModified":"2024-02-16","author":{"@type":"Person","@id":"https:\/\/www.arnos.cz\/author\/#Person","name":"","url":"https:\/\/www.arnos.cz\/author\/","identifier":1,"image":{"@type":"ImageObject","@id":"https:\/\/secure.gravatar.com\/avatar\/4eaadff62661a2c38386085c87f88f683e575f9fda122ff8560bf1208996f3c5?s=96&d=mm&r=g","url":"https:\/\/secure.gravatar.com\/avatar\/4eaadff62661a2c38386085c87f88f683e575f9fda122ff8560bf1208996f3c5?s=96&d=mm&r=g","height":96,"width":96}},"publisher":{"@type":"Organization","name":"arnos.cz","logo":{"@type":"ImageObject","@id":"\/logo.png","url":"\/logo.png","width":600,"height":60}},"image":{"@type":"ImageObject","@id":"https:\/\/www.arnos.cz\/wp-content\/uploads\/pexels-photo-5028910.jpeg","url":"https:\/\/www.arnos.cz\/wp-content\/uploads\/pexels-photo-5028910.jpeg","height":0,"width":0},"url":"https:\/\/www.arnos.cz\/jak-si-spravne-vybrat-mezi-terasou-a-balkonem\/","about":["N\u00e1kupy"],"wordCount":422,"articleBody":"       Moment\u00e1ln\u011b n\u00e1m sice zima moc p\u011bkn\u00e9ho po\u010das\u00ed nep\u0159eje a zimn\u00ed chv\u00edle venku lze tr\u00e1vit tak mo\u017en\u00e1 v tepl\u00e9m termopr\u00e1dle a zabaleni v h\u0159ejiv\u00e9 dece. To ale zdaleka neznamen\u00e1 to, \u017ee nep\u0159ijde l\u00e9to se sv\u00fdmi hork\u00fdmi dny a tepl\u00fdmi ve\u010dery pln\u00fdmi romantick\u00fdch z\u00e1pad\u016f slunce a bzu\u010den\u00ed drobn\u00fdch brou\u010dk\u016f poletuj\u00edc\u00edch v\u0161ude kolem. A pr\u00e1v\u011b takov\u00e9 dny je skv\u011bl\u00e9 tr\u00e1vit ve spole\u010dnosti t\u011bch n\u00e1m nejbli\u017e\u0161\u00edch, nebo\u0165 s nimi \u010das ub\u00edh\u00e1 zcela jin\u00fdm zp\u016fsobem a dok\u00e1\u017eeme si jej l\u00e9pe vychutnat. Introvertn\u00edm povah\u00e1m samoz\u0159ejm\u011b nic nebr\u00e1n\u00ed v tich\u00e9m p\u0159ihl\u00ed\u017een\u00ed a naslouch\u00e1n\u00ed nebo v \u010dase str\u00e1ven\u00e9m v koutku s obl\u00edbenou aktivitou. V\u0161ichni se ale mus\u00edme rozhodnout, zda pro tyto chv\u00edle bude lep\u0161\u00ed men\u0161\u00ed balkon nebo terasa, kter\u00e1 \u010dastokr\u00e1t pojme mnohem v\u011bt\u0161\u00ed mno\u017estv\u00ed lid\u00ed. Terasa je rozhodn\u011b vhodn\u00e1 sp\u00ed\u0161e pro ty, kte\u0159\u00ed se ve spole\u010dnosti v\u011bt\u0161\u00edho mno\u017estv\u00ed p\u0159\u00e1tel p\u0159\u00edmo vy\u017e\u00edvaj\u00ed, Jej\u00ed prostor toti\u017e jako by p\u0159\u00edmo k takov\u00fdm chv\u00edl\u00edm vyb\u00edzel. Samoz\u0159ejm\u011b ji m\u016f\u017eete tak\u00e9 zast\u0159e\u0161it a dokonce s ur\u010ditou d\u00e1vkou zru\u010dnosti a pot\u0159ebn\u00fdm vybaven\u00edm, mezi kter\u00e9 se \u0159ad\u00ed nap\u0159\u00edklad terasov\u00e9 klipy, tak\u00e9 postavit. Na v\u011bt\u0161\u00edm prostoru je tak\u00e9 mnohem l\u00e9pe mo\u017en\u00e9 se kreativn\u011b vy\u0159\u00e1dit  https:\/\/www.topzine.cz\/street-art-duchodci-dostali-moznost-se-vyradit-se-sprejem-v-ruce v jej\u00edch designov\u00fdch \u00faprav\u00e1ch. Oproti teras\u00e1m jsou balkony v\u011bt\u0161inou p\u0159\u00edmou sou\u010d\u00e1st\u00ed bytov\u00fdch jednotek \u010di rodinn\u00fdch dom\u016f a mnohdy mimo st\u0159echy jsou jejich sou\u010d\u00e1st\u00ed tak\u00e9 lod\u017eie, kter\u00e9 v\u00e1s ochr\u00e1n\u00ed p\u0159ed nep\u0159\u00edzn\u00ed po\u010das\u00ed ve spolupr\u00e1ci se st\u0159echou doslova ze v\u0161ech stran. Balkony je tak\u00e9 pro lenochy vzhledem k jejich velikosti mnohem jednodu\u0161\u0161\u00ed uklidit a nekreativn\u00ed povahy je zase mohou vyu\u017e\u00edt pro u\u017eite\u010dn\u00e9 z\u00e1le\u017eitosti, mezi kter\u00e9 pat\u0159\u00ed t\u0159eba p\u011bstov\u00e1n\u00ed dom\u00e1c\u00edch bylinek nebo speci\u00e1ln\u011b upraven\u00fdch rostlin. Z\u00e1le\u017e\u00ed jen na v\u00e1s, pro kter\u00fd z t\u011bchto architektonick\u00fdch dopl\u0148k\u016f se nakonec rozhodnete vy. Nebo si v l\u00e9t\u011b m\u016f\u017eete vysta\u010dit tak\u00e9 t\u0159eba s p\u0159\u00edjemn\u00fdm prost\u0159ed\u00edm zahradn\u00ed zelen\u011b, je\u017e v l\u00e9t\u011b z\u00e1\u0159\u00ed v\u0161emi barvami.                                                                                                                                                                                                                                                                                                                                                                                           4.7\/5 - (4 votes)        "},{"@context":"https:\/\/schema.org\/","@type":"BreadcrumbList","itemListElement":[{"@type":"ListItem","position":1,"name":"Jak si spr\u00e1vn\u011b vybrat mezi terasou a balkonem","item":"https:\/\/www.arnos.cz\/jak-si-spravne-vybrat-mezi-terasou-a-balkonem\/#breadcrumbitem"}]}]