[{"@context":"https:\/\/schema.org\/","@type":"Article","@id":"https:\/\/www.arnos.cz\/stop-zubnim-kazum\/#Article","mainEntityOfPage":"https:\/\/www.arnos.cz\/stop-zubnim-kazum\/","headline":"Stop zubn\u00edm kaz\u016fm","name":"Stop zubn\u00edm kaz\u016fm","description":"Um\u00edte si vy\u010distit zuby? Mnoha lidem nejsp\u00ed\u0161 p\u0159ijde tento dotaz pom\u011brn\u011b \u00fasm\u011bvn\u00fd, ale je pot\u0159eba si uv\u011bdomit kolik lid\u00ed nem\u00e1 sv\u00e9ho st\u00e1l\u00e9ho zubn\u00edho l\u00e9ka\u0159e. St\u00e1vaj\u00edc\u00ed zubn\u00ed ordinace jsou p\u0159et\u00ed\u017een\u00e9 z toho d\u016fvodu, \u017ee nov\u00fdch zubn\u00edch l\u00e9ka\u0159\u016f je m\u00e9n\u011b ne\u017e t\u011bch, kte\u0159\u00ed odch\u00e1z\u00ed do d\u016fchodu. Nov\u00e9 ordinace tak nem\u00e1 kdo p\u0159evz\u00edt a v n\u011bkter\u00fdch regionech je [&hellip;]","datePublished":"2024-09-16","dateModified":"2024-09-16","author":{"@type":"Person","@id":"https:\/\/www.arnos.cz\/author\/#Person","name":"","url":"https:\/\/www.arnos.cz\/author\/","identifier":1,"image":{"@type":"ImageObject","@id":"https:\/\/secure.gravatar.com\/avatar\/4eaadff62661a2c38386085c87f88f683e575f9fda122ff8560bf1208996f3c5?s=96&d=mm&r=g","url":"https:\/\/secure.gravatar.com\/avatar\/4eaadff62661a2c38386085c87f88f683e575f9fda122ff8560bf1208996f3c5?s=96&d=mm&r=g","height":96,"width":96}},"publisher":{"@type":"Organization","name":"arnos.cz","logo":{"@type":"ImageObject","@id":"\/logo.png","url":"\/logo.png","width":600,"height":60}},"image":{"@type":"ImageObject","@id":"https:\/\/www.arnos.cz\/wp-content\/uploads\/dentist-1437430_640_9.jpg","url":"https:\/\/www.arnos.cz\/wp-content\/uploads\/dentist-1437430_640_9.jpg","height":0,"width":0},"url":"https:\/\/www.arnos.cz\/stop-zubnim-kazum\/","about":["Slu\u017eby"],"wordCount":421,"articleBody":"   Um\u00edte si vy\u010distit zuby? Mnoha lidem nejsp\u00ed\u0161 p\u0159ijde tento dotaz pom\u011brn\u011b \u00fasm\u011bvn\u00fd, ale je pot\u0159eba si uv\u011bdomit kolik lid\u00ed nem\u00e1 sv\u00e9ho st\u00e1l\u00e9ho zubn\u00edho l\u00e9ka\u0159e. St\u00e1vaj\u00edc\u00ed zubn\u00ed ordinace jsou p\u0159et\u00ed\u017een\u00e9 z toho d\u016fvodu, \u017ee nov\u00fdch zubn\u00edch l\u00e9ka\u0159\u016f je m\u00e9n\u011b ne\u017e t\u011bch, kte\u0159\u00ed odch\u00e1z\u00ed do d\u016fchodu. Nov\u00e9 ordinace tak nem\u00e1 kdo p\u0159evz\u00edt a v n\u011bkter\u00fdch regionech je tak kritick\u00fd nedostatek zubn\u00edch l\u00e9ka\u0159\u016f, \u017ee pacienti mus\u00ed jezdit i des\u00edtky kilometr\u016f daleko. P\u0159et\u00ed\u017eenost zubn\u00edch ordinac\u00ed je st\u00e1le velk\u00e1 hlavn\u011b z toho d\u016fvodu, \u017ee mnoho lid\u00ed pot\u0159ebuje pravidelnou zubn\u00ed p\u00e9\u010di. Velk\u00e1 \u010d\u00e1st pacient\u016f si tento stav zavinila sama, proto\u017ee si neum\u00ed zuby spr\u00e1vn\u011b vy\u010distit. Opravdu d\u016fkladn\u00e1 zubn\u00ed hygiena je p\u0159itom jedinou prevenc\u00ed proti zubn\u00edmu kazu, co\u017e je nej\u010dast\u011bj\u0161\u00ed onemocn\u011bn\u00ed zub\u016f u d\u011bt\u00ed i u dosp\u011bl\u00fdch. Pokud se zubn\u00ed kazy v\u010das neodhal\u00ed, m\u016f\u017eete o zub p\u0159ij\u00edt. Zubn\u00ed n\u00e1hrady jsou drah\u00e9, a poji\u0161\u0165ovny na jejich zhotoven\u00ed v\u011bt\u0161inou nic nep\u0159isp\u00edvaj\u00ed. Je d\u016fle\u017eit\u00e9 nejen si spr\u00e1vn\u011b \u010distit zuby a v\u011bnovat velkou pozornost mezizubn\u00edm prostor\u00e1m, kde zubn\u00ed kazy vznikaj\u00ed nej\u010dast\u011bji, ale je tak\u00e9 d\u016fle\u017eit\u00e9 dvakr\u00e1t ro\u010dn\u011b chodit na preventivn\u00ed prohl\u00eddky a tak\u00e9 na dent\u00e1ln\u00ed hygienu. Pozitivn\u00edmu p\u0159\u00edstupu k \u00fastn\u00ed hygien\u011b a prevenci byste m\u011bli v\u00e9st i sv\u00e9 d\u011bti, a pokud hled\u00e1te zuba\u0159e v Praze 3 kter\u00fd p\u0159\u00edm\u00e1 dosp\u011bl\u00e9 i d\u011btsk\u00e9 pacienty, m\u016f\u017eete se objednat k n\u00e1m. O\u0161et\u0159ujeme d\u011bti i dosp\u011bl\u00e9, a poskytujeme v\u0161echnu zubn\u00ed p\u00e9\u010di. Spr\u00e1vn\u00e1 p\u00e9\u010de o zuby nen\u00ed jen o tom \u017ee kdo se o zuby star\u00e1, m\u00e1 zuby kr\u00e1sn\u00e9 a zdrav\u00e9. Jde p\u0159edev\u0161\u00edm o komplexn\u00ed zdravotn\u00ed stav, proto\u017ee zubn\u00ed kaz je v podstat\u011b z\u00e1n\u011bt, kter\u00fd m\u016f\u017ee v t\u011ble \u010dlov\u011bka zp\u016fsobit dal\u0161\u00ed probl\u00e9my. Nau\u010d\u00edme v\u00e1s zuby spr\u00e1vn\u011b \u010distit a doporu\u010d\u00edme v\u00e1m tak\u00e9 vhodn\u00e9 zubn\u00ed n\u00e1stroje, je\u017e jsou pro v\u00e1s vhodn\u00e9, kter\u00fdmi byste si zuby m\u011bli \u010distit. Nesty\u010fte za to, \u017ee jste dosud nev\u011bnovali po\u0159\u00e1dnou pozornost p\u00e9\u010di o svoje zuby, nikdy nen\u00ed pozd\u011b na to s t\u00edm za\u010d\u00edt.                                                                                                                                                                                                                                                                                                                                                                                          4\/5 - (8 votes)        "},{"@context":"https:\/\/schema.org\/","@type":"BreadcrumbList","itemListElement":[{"@type":"ListItem","position":1,"name":"Stop zubn\u00edm kaz\u016fm","item":"https:\/\/www.arnos.cz\/stop-zubnim-kazum\/#breadcrumbitem"}]}]